{"id":25953,"date":"2021-11-03T00:00:00","date_gmt":"2021-11-03T04:00:00","guid":{"rendered":"https:\/\/teachonlinecn.wpengine.com\/oln\/bulletin-de-lapprensissage-en-ligne-le-3-novembre-2021\/"},"modified":"2025-04-16T15:16:21","modified_gmt":"2025-04-16T19:16:21","slug":"bulletin-de-lapprensissage-en-ligne-le-3-novembre-2021","status":"publish","type":"newsletters","link":"https:\/\/teachonline.ca\/fr\/oln\/bulletin-de-lapprensissage-en-ligne-le-3-novembre-2021\/","title":{"rendered":"Bulletin de l&rsquo;apprensissage en ligne &#8211; le 3 novembre 2021"},"content":{"rendered":"<table align=\"center\" style=\"color:#000000; font-family:\"Times New Roman\"; font-size:medium; font-style:normal; font-variant-ligatures:normal; font-variant-caps:normal; font-weight:400; letter-spacing:normal; orphans:2; text-transform:none; white-space:normal; widows:2; word-spacing:0px; -webkit-text-stroke-width:0px; background-color:#ffffff; text-decoration-thickness:initial; text-decoration-style:initial; text-decoration-color:initial; width:788px; height:3232px; border:undefined\">\n<tbody>\n<tr>\n<td align=\"center\" style=\"background-color:#ffffff\" valign=\"top\">\n<table style=\"width:735px; height:239px; border:undefined\">\n<tbody>\n<tr>\n<td align=\"center\" valign=\"top\"><b><font size=\"5\"><font face=\"arial,helvetica,sans-serif\"><font color=\"#333333\"><img decoding=\"async\" alt=\"oln-november3-2021-1.jpg\" src=\"https:\/\/teachonline.ca\/wp-content\/uploads\/next_phase_of_hybrid_teaching_banner.jpg\" style=\"width: 750px; height: 299px;\" title=\"oln-november3-2021-1.jpg\" \/><\/font><\/font><\/font><\/b><\/td>\n<\/tr>\n<tr>\n<td align=\"left\" valign=\"top\">\n<p align=\"center\"><b><font size=\"5\"><font face=\"arial,helvetica,sans-serif\"><font color=\"#333333\">Un webinaire gratuit de Contact North | Contact Nord<\/font><\/font><\/font><\/b><\/p>\n<p align=\"center\"><b><font size=\"5\"><font face=\"arial,helvetica,sans-serif\"><font color=\"#333333\">How to Prepare for the Next Phase of Hybrid Teaching<\/font><\/font><\/font><\/b><br \/>\n\t\t\t\t\t\t<font size=\"5\"><font face=\"arial,helvetica,sans-serif\"><font color=\"#333333\">(Pr\u00e9paration \u00e0 la nouvelle \u00e9tape de l\u2019enseignement hybride)<\/font><\/font><\/font><\/p>\n<p align=\"center\"><b><font size=\"4\"><font face=\"arial,helvetica,sans-serif\"><font color=\"#333333\">Jeudi 4 novembre 2021<\/font><\/font><\/font><\/b><br \/>\n\t\t\t\t\t\t<b><font size=\"4\"><font face=\"arial,helvetica,sans-serif\"><font color=\"#333333\">13 h &#8211; 14 h (heure de l\u2019Est)<\/font><\/font><\/font><\/b><\/p>\n<p align=\"center\"><b><font size=\"4\"><font face=\"arial,helvetica,sans-serif\"><font color=\"#333333\"><a href=\"https:\/\/incoming.sbemail1.com\/linktracker2\/?{0~%23%23URLEmail%23%23}{9fa273fe-fb3b-4e4d-a80b-70527d0c0b93}{}{https%3a%2f%2fcontactnorth.zoom.us%2fwebinar%2fregister%2fWN_dWkqL2ptRqWalLRQWcoYFg}{}{}\" style=\"color:#00974d; text-decoration:underline !important\" target=\"_blank\">Inscrivez-vous d\u00e8s maintenant!<\/a><\/font><\/font><\/font><\/b><\/p>\n<p><font size=\"3\"><font face=\"arial,helvetica,sans-serif\"><font color=\"#333333\">\u00c0 quoi ressemble l\u2019apprentissage hybride? Comment pouvons-nous le faire correctement?<\/font><\/font><\/font><\/p>\n<p><font size=\"3\"><font face=\"arial,helvetica,sans-serif\"><font color=\"#333333\">Alors que la COVID-19 bouleverse toujours le domaine de l\u2019\u00e9ducation, nous devons recentrer notre r\u00e9flexion sur la meilleure fa\u00e7on de concevoir un apprentissage attrayant. Plut\u00f4t que de s\u2019int\u00e9resser au contenu et \u00e0 la mani\u00e8re de le transmettre, nous devons nous demander comment l\u2019apprentissage se produit. Comment pouvons-nous concevoir des exp\u00e9riences d\u2019apprentissage puissantes et inoubliables?<\/font><\/font><\/font><\/p>\n<p><font size=\"3\"><font face=\"arial,helvetica,sans-serif\"><font color=\"#333333\">Cette s\u00e9ance interactive offrira aux participantes et participants des le\u00e7ons \u00e0 retenir :<\/font><\/font><\/font><\/p>\n<ul>\n<li><font size=\"3\"><font face=\"arial,helvetica,sans-serif\"><font color=\"#333333\">la capacit\u00e9 de comprendre pourquoi le d\u00e9veloppement d\u2019un langage pour d\u00e9crire l\u2019enseignement et l\u2019apprentissage est important;<\/font><\/font><\/font><\/li>\n<li><font size=\"3\"><font face=\"arial,helvetica,sans-serif\"><font color=\"#333333\">l\u2019adoption g\u00e9n\u00e9rale de la devise \u00ab\u2009le moins est le mieux\u2009\u00bb dans la planification et la conception;<\/font><\/font><\/font><\/li>\n<li><font size=\"3\"><font face=\"arial,helvetica,sans-serif\"><font color=\"#333333\">l\u2019importance d\u2019int\u00e9grer des interactions sociales entre la client\u00e8le apprenante et le personnel enseignant;<\/font><\/font><\/font><\/li>\n<li><font size=\"3\"><font face=\"arial,helvetica,sans-serif\"><font color=\"#333333\">l\u2019impact positif de l\u2019adoption des principes de la conception universelle de l\u2019apprentissage;<\/font><\/font><\/font><\/li>\n<li><font size=\"3\"><font face=\"arial,helvetica,sans-serif\"><font color=\"#333333\">une exploration des r\u00e9sultats positifs tir\u00e9s de l\u2019enseignement \u00e0 distance pendant la pand\u00e9mie \u2014 les \u00ab\u2009gardiennes et gardiens\u2009\u00bb de notre pratique \u00e9mergente.<\/font><\/font><\/font><\/li>\n<\/ul>\n<p><b><font size=\"3\"><font face=\"arial,helvetica,sans-serif\"><font color=\"#333333\">L\u2019animatrice :<\/font><\/font><\/font><\/b><\/p>\n<p align=\"center\"><font size=\"3\"><font face=\"arial,helvetica,sans-serif\"><font color=\"#333333\"><img decoding=\"async\" alt=\"oln-november3-2021-1a.jpg\" src=\"https:\/\/teachonline.ca\/wp-content\/uploads\/image_jenae_cohn.jpg\" style=\"width: 100px; height: 108px;\" title=\"oln-november3-2021-1a.jpg\" \/><\/font><\/font><\/font><\/p>\n<p align=\"center\">\u00a0<\/p>\n<p align=\"center\"><b><font size=\"3\"><font face=\"arial,helvetica,sans-serif\"><font color=\"#333333\">Jenae Cohn, Ph. D.<\/font><\/font><\/font><\/b><br \/>\n\t\t\t\t\t\t<font size=\"3\"><font face=\"arial,helvetica,sans-serif\"><font color=\"#333333\">Directrice de la technologie p\u00e9dagogique<\/font><\/font><\/font><br \/>\n\t\t\t\t\t\t<font size=\"3\"><font face=\"arial,helvetica,sans-serif\"><font color=\"#333333\">California State University, Sacramento<\/font><\/font><\/font><\/p>\n<\/td>\n<\/tr>\n<\/tbody>\n<\/table>\n<\/td>\n<\/tr>\n<tr>\n<td align=\"center\" style=\"background-color:#ffffff\" valign=\"top\">\n<table style=\"width:764px; height:2851px; border:undefined\">\n<tbody>\n<tr>\n<td height=\"0\" valign=\"top\" width=\"458\">\n<table style=\"width:754px; height:1904px; border:undefined\">\n<tbody>\n<tr>\n<td align=\"left\" valign=\"top\">\n<table style=\"width:468px; height:1808px; border:undefined\">\n<tbody>\n<tr>\n<td align=\"left\" valign=\"top\" width=\"156\"><img decoding=\"async\" src=\"https:\/\/teachonline.ca\/wp-content\/uploads\/dotted.jpg\" style=\"width:700px; height:20px\" \/><\/td>\n<\/tr>\n<tr>\n<td align=\"left\" valign=\"top\">\n<table style=\"width:714px; height:1945px; border:undefined\">\n<tbody>\n<tr>\n<td align=\"left\" valign=\"top\">\n<table style=\"width:710px; height:242px; border:undefined\">\n<tbody>\n<tr>\n<td align=\"center\" style=\"width:250px\" valign=\"top\">\n<p><img decoding=\"async\" alt=\"oln-november3-2021-2.jpg\" src=\"https:\/\/teachonline.ca\/wp-content\/uploads\/how_georgian_college_transforming.jpg\" style=\"width: 150px; height: 162px; margin-top: 0px; margin-bottom: 0px;\" title=\"oln-november3-2021-2.jpg\" \/><\/p>\n<\/td>\n<td width=\"15\">\u00a0<\/td>\n<td align=\"left\" style=\"width:439px\" valign=\"top\">\n<p align=\"center\"><b><font size=\"3\"><font face=\"arial,helvetica,sans-serif\"><font color=\"#333333\">Un webinaire gratuit de Contact North | Contact Nord<\/font><\/font><\/font><\/b><\/p>\n<p align=\"center\"><b><font size=\"3\"><font face=\"arial,helvetica,sans-serif\"><font color=\"#333333\">How Georgian College is Transforming the Learning Landscape with Immersive Technology<\/font><\/font><\/font><\/b><br \/>\n\t\t\t\t\t\t\t\t\t\t\t\t\t\t\t\t\t\t<font size=\"3\"><font face=\"arial,helvetica,sans-serif\"><font color=\"#333333\">(La fa\u00e7on dont le Georgian College transforme le paysage de l\u2019apprentissage avec la technologie immersive)<\/font><\/font><\/font><\/p>\n<p align=\"center\"><font size=\"2\"><font face=\"arial,helvetica,sans-serif\"><font color=\"#333333\">Mardi 9 novembre 2021<\/font><\/font><\/font><br \/>\n\t\t\t\t\t\t\t\t\t\t\t\t\t\t\t\t\t\t<font size=\"2\"><font face=\"arial,helvetica,sans-serif\"><font color=\"#333333\">13 h \u2013 14 h (heure de l\u2019Est)<\/font><\/font><\/font><\/p>\n<p align=\"center\"><b><a href=\"https:\/\/incoming.sbemail1.com\/linktracker2\/?{0~%23%23URLEmail%23%23}{9fa273fe-fb3b-4e4d-a80b-70527d0c0b93}{}{https%3a%2f%2fteachonline.ca%2fwebinar%2fhow-georgian-college-transforming-learning-landscape-immersive-technology}{}{}\" style=\"color:#00974d; text-decoration:underline !important\" target=\"_blank\"><font size=\"3\"><font face=\"arial,helvetica,sans-serif\">Inscrivez-vous d\u00e8s maintenant!<\/font><\/font><\/a><\/b><\/p>\n<p><font size=\"2\"><font face=\"arial,helvetica,sans-serif\"><font color=\"#333333\">Dans ce webinaire interactif et stimulant,\u00a0<b>Robert Theriault, responsable de l\u2019enseignement immersif au Georgian College<\/b>, explore ce qu\u2019il faut faire pour que la RA\/RV fonctionne dans un cours coll\u00e9gial ou universitaire.<\/font><\/font><\/font><\/p>\n<p><font size=\"2\"><font face=\"arial,helvetica,sans-serif\"><font color=\"#333333\">Voici les principaux \u00e9l\u00e9ments abord\u00e9s lors de ce webinaire :<\/font><\/font><\/font><\/p>\n<ul>\n<li><font size=\"2\"><font face=\"arial,helvetica,sans-serif\"><font color=\"#333333\">la distinction entre la RA et la RV;<\/font><\/font><\/font><\/li>\n<li><font size=\"2\"><font face=\"arial,helvetica,sans-serif\"><font color=\"#333333\">la pr\u00e9sentation d\u2019un exemple de RV en action;<\/font><\/font><\/font><\/li>\n<li><font size=\"2\"><font face=\"arial,helvetica,sans-serif\"><font color=\"#333333\">les \u00e9tapes \u00e0 suivre pour passer du sc\u00e9nario au d\u00e9ploiement dans une salle de classe;<\/font><\/font><\/font><\/li>\n<li><font size=\"2\"><font face=\"arial,helvetica,sans-serif\"><font color=\"#333333\">un examen des preuves de l\u2019efficacit\u00e9 de la RV pour l\u2019apprentissage;<\/font><\/font><\/font><\/li>\n<li><font size=\"2\"><font face=\"arial,helvetica,sans-serif\"><font color=\"#333333\">le potentiel \u00e9mergent de la RA\/RV.<\/font><\/font><\/font><\/li>\n<\/ul>\n<\/td>\n<\/tr>\n<\/tbody>\n<\/table>\n<\/td>\n<\/tr>\n<tr>\n<td align=\"left\" valign=\"top\">\n<p align=\"center\"><font size=\"3\"><font face=\"arial,helvetica,sans-serif\"><b><font color=\"#333333\"><b><font color=\"#333333\"><a href=\"https:\/\/incoming.sbemail1.com\/linktracker2\/?{0~%23%23URLEmail%23%23}{9fa273fe-fb3b-4e4d-a80b-70527d0c0b93}{}{https%3a%2f%2fteachonline.ca%2ftraining-opportunities%2fupcoming-conferences}{}{}\" style=\"color:#00974d; text-decoration:underline !important\" target=\"_blank\"><img decoding=\"async\" src=\"https:\/\/teachonline.ca\/wp-content\/uploads\/dotted.jpg\" style=\"width:706px; height:20px\" \/><\/a><\/font><\/b><\/font><\/b><\/font><\/font><\/p>\n<\/td>\n<\/tr>\n<tr>\n<td align=\"left\" valign=\"top\">\n<table style=\"height:24px; width:710px; border:undefined\">\n<tbody>\n<tr>\n<td align=\"left\" valign=\"top\">\n<table style=\"width:704px; height:57px; border:undefined\">\n<tbody>\n<tr>\n<td align=\"center\" style=\"width:250px\" valign=\"top\">\n<p align=\"center\"><img decoding=\"async\" alt=\"oln-november3-2021-3.jpg\" src=\"https:\/\/teachonline.ca\/wp-content\/uploads\/moocs_are_back.jpg\" style=\"width: 150px; height: 162px; margin-top: 0px; margin-bottom: 0px;\" title=\"oln-november3-2021-3.jpg\" \/><\/p>\n<\/td>\n<td width=\"15\"><img decoding=\"async\" src=\"https:\/\/teachonline.ca\/wp-content\/uploads\/20_20.gif\" style=\"width:15px; height:15px\" \/><\/td>\n<td align=\"left\" style=\"width:439px\" valign=\"top\">\n<p align=\"center\"><font size=\"3\"><b><font face=\"arial,helvetica,sans-serif\"><font color=\"#333333\">Les MOOC sont de retour!<\/font><\/font><\/b><\/font><\/p>\n<p><font size=\"2\"><font face=\"arial,helvetica,sans-serif\"><font color=\"#333333\">Les MOOC (cours en ligne ouverts \u00e0 tous), surtout ceux propos\u00e9s par les six principaux fournisseurs de MOOC (<a href=\"https:\/\/incoming.sbemail1.com\/linktracker2\/?{0~%23%23URLEmail%23%23}{9fa273fe-fb3b-4e4d-a80b-70527d0c0b93}{}{https%3a%2f%2fwww.edx.org%2f}{}{}\" style=\"color:#00974d; text-decoration:underline !important\" target=\"_blank\">edX<\/a>,\u00a0<a href=\"https:\/\/incoming.sbemail1.com\/linktracker2\/?{0~%23%23URLEmail%23%23}{9fa273fe-fb3b-4e4d-a80b-70527d0c0b93}{}{https%3a%2f%2fwww.coursera.org%2f}{}{}\" style=\"color:#00974d; text-decoration:underline !important\" target=\"_blank\">Coursera<\/a>,\u00a0<a href=\"https:\/\/incoming.sbemail1.com\/linktracker2\/?{0~%23%23URLEmail%23%23}{9fa273fe-fb3b-4e4d-a80b-70527d0c0b93}{}{https%3a%2f%2fwww.udacity.com%2f}{}{}\" style=\"color:#00974d; text-decoration:underline !important\" target=\"_blank\">Udacity<\/a>,\u00a0<a href=\"https:\/\/incoming.sbemail1.com\/linktracker2\/?{0~%23%23URLEmail%23%23}{9fa273fe-fb3b-4e4d-a80b-70527d0c0b93}{}{https%3a%2f%2fwww.udemy.com%2f}{}{}\" style=\"color:#00974d; text-decoration:underline !important\" target=\"_blank\">Udemy<\/a>,<br \/>\n\t\t\t\t\t\t\t\t\t\t\t\t\t\t\t\t\t\t\t\t\t<a href=\"https:\/\/incoming.sbemail1.com\/linktracker2\/?{0~%23%23URLEmail%23%23}{9fa273fe-fb3b-4e4d-a80b-70527d0c0b93}{}{https%3a%2f%2fswayam.gov.in%2f}{}{}\" style=\"color:#00974d; text-decoration:underline !important\" target=\"_blank\">Swayam<\/a>\u00a0et\u00a0<a href=\"https:\/\/incoming.sbemail1.com\/linktracker2\/?{0~%23%23URLEmail%23%23}{9fa273fe-fb3b-4e4d-a80b-70527d0c0b93}{}{https%3a%2f%2fwww.futurelearn.com%2f}{}{}\" style=\"color:#00974d; text-decoration:underline !important\" target=\"_blank\">FutureLearn<\/a>), ont connu une forte augmentation des inscriptions, notamment pour les programmes menant \u00e0 des dipl\u00f4mes.<\/font><\/font><\/font><\/p>\n<p><font size=\"2\"><font face=\"arial,helvetica,sans-serif\"><font color=\"#333333\">Les MOOC sont de retour en force. Que signifie leur reprise pour l\u2019enseignement sup\u00e9rieur au Canada?<\/font><\/font><\/font><\/p>\n<p><font size=\"2\"><font face=\"arial,helvetica,sans-serif\"><font color=\"#333333\">Cet article vous offre un aper\u00e7u des th\u00e8mes suivants\u00a0:<\/font><\/font><\/font><\/p>\n<ul>\n<li><font size=\"2\"><font face=\"arial,helvetica,sans-serif\"><font color=\"#333333\">trois grands avantages;<\/font><\/font><\/font><\/li>\n<li><font size=\"2\"><font face=\"arial,helvetica,sans-serif\"><font color=\"#333333\">trois grands d\u00e9fis; et<\/font><\/font><\/font><\/li>\n<li><font size=\"2\"><font face=\"arial,helvetica,sans-serif\"><font color=\"#333333\">trois nouveaut\u00e9s pour les coll\u00e8ges et les universit\u00e9s du Canada.<\/font><\/font><\/font><\/li>\n<\/ul>\n<p><font size=\"2\"><font face=\"arial,helvetica,sans-serif\"><font color=\"#333333\">Pour en savoir plus, veuillez lire\u00a0<b><a href=\"https:\/\/incoming.sbemail1.com\/linktracker2\/?{0~%23%23URLEmail%23%23}{9fa273fe-fb3b-4e4d-a80b-70527d0c0b93}{}{https%3a%2f%2fteachonline.ca%2ftools-trends%2fmoocs-are-back}{}{}\" style=\"color:#00974d; text-decoration:underline !important\" target=\"_blank\">MOOCs Are Back<\/a><\/b>\u00a0(les MOOC sont de retour).<\/font><\/font><\/font><\/p>\n<\/td>\n<\/tr>\n<\/tbody>\n<\/table>\n<\/td>\n<\/tr>\n<\/tbody>\n<\/table>\n<\/td>\n<\/tr>\n<tr>\n<td align=\"left\" valign=\"top\">\n<table style=\"height:5px; width:710px; border:undefined\">\n<tbody>\n<tr>\n<td align=\"left\" valign=\"top\">\n<p align=\"center\"><b><font size=\"3\"><font face=\"arial,helvetica,sans-serif\"><font color=\"#333333\"><b><font size=\"3\"><font face=\"arial,helvetica,sans-serif\"><font color=\"#333333\"><a href=\"https:\/\/incoming.sbemail1.com\/linktracker2\/?{0~%23%23URLEmail%23%23}{9fa273fe-fb3b-4e4d-a80b-70527d0c0b93}{}{https%3a%2f%2fteachonline.ca%2ftraining-opportunities%2fupcoming-conferences}{}{}\" style=\"color:#00974d; text-decoration:underline !important\" target=\"_blank\"><img decoding=\"async\" src=\"https:\/\/teachonline.ca\/wp-content\/uploads\/dotted.jpg\" style=\"width:706px; height:20px\" \/><\/a><\/font><\/font><\/font><\/b><\/font><\/font><\/font><\/b><\/p>\n<\/td>\n<\/tr>\n<\/tbody>\n<\/table>\n<\/td>\n<\/tr>\n<tr>\n<td align=\"left\" valign=\"top\">\n<table style=\"width:709px; height:153px; border:undefined\">\n<tbody>\n<tr>\n<td align=\"center\" style=\"width:250px\" valign=\"top\">\n<p><img decoding=\"async\" alt=\"cn-sept22-2021-5.jpg\" src=\"https:\/\/teachonline.ca\/wp-content\/uploads\/tony_bates_blog_new.jpg\" style=\"width: 150px; height: 162px; margin-top: 0px; margin-bottom: 0px;\" title=\"cn-sept22-2021-5.jpg\" \/><\/p>\n<\/td>\n<td width=\"15\">\u00a0<\/td>\n<td align=\"left\" style=\"width:439px\" valign=\"top\">\n<p align=\"center\"><b><font size=\"3\"><font face=\"arial,helvetica,sans-serif\"><font color=\"#333333\">Le blogue de monsieur Tony Bates, Ph. D. :<\/font><\/font><\/font><\/b><br \/>\n\t\t\t\t\t\t\t\t\t\t\t\t\t\t\t\t\t\t<b><font size=\"3\"><font face=\"arial,helvetica,sans-serif\"><font color=\"#333333\">Apprentissage en ligne et enseignement \u00e0 distance<\/font><\/font><\/font><\/b><\/p>\n<p><font size=\"2\"><font face=\"arial,helvetica,sans-serif\"><font color=\"#333333\">Dans ce billet de blogue, Tony Bates explore la th\u00e9orie de l\u2019apprentissage mixte \u2014 ce \u00e0 quoi elle ressemble et ce qui ne va pas avec la th\u00e9orie existante. Il incite les lectrices et lecteurs \u00e0 participer \u00e0 la conception d\u2019une approche utile pour d\u00e9velopper des directives et de meilleures pratiques pour l\u2019apprentissage mixte.<\/font><\/font><\/font><\/p>\n<p><font size=\"2\"><font face=\"arial,helvetica,sans-serif\"><font color=\"#333333\">Veuillez lire le billet du blogue de monsieur Tony Bates, Ph. D., associ\u00e9 de recherche \u00e0 Contact North I Contact Nord.<\/font><\/font><\/font><\/p>\n<p><font size=\"3\"><font face=\"arial,helvetica,sans-serif\"><font color=\"#333333\"><b><a href=\"https:\/\/incoming.sbemail1.com\/linktracker2\/?{0~%23%23URLEmail%23%23}{9fa273fe-fb3b-4e4d-a80b-70527d0c0b93}{}{https%3a%2f%2fwww.tonybates.ca%2f2021%2f10%2f19%2fdo-we-need-a-theory-for-blended-learning%2f}{}{}\" style=\"color:#00974d; text-decoration:underline !important\" target=\"_blank\">Do we need a theory for blended learning?<\/a>\u00a0<\/b>(Avons-nous besoin d\u2019une th\u00e9orie de l\u2019apprentissage mixte?)<\/font><\/font><\/font><\/p>\n<\/td>\n<\/tr>\n<\/tbody>\n<\/table>\n<\/td>\n<\/tr>\n<tr>\n<td align=\"left\" valign=\"top\">\n<p align=\"center\"><font size=\"3\"><font face=\"arial,helvetica,sans-serif\"><b><font color=\"#333333\"><b><font color=\"#333333\"><a href=\"https:\/\/incoming.sbemail1.com\/linktracker2\/?{0~%23%23URLEmail%23%23}{9fa273fe-fb3b-4e4d-a80b-70527d0c0b93}{}{https%3a%2f%2fteachonline.ca%2ftraining-opportunities%2fupcoming-conferences}{}{}\" style=\"color:#00974d; text-decoration:underline !important\" target=\"_blank\"><img decoding=\"async\" src=\"https:\/\/teachonline.ca\/wp-content\/uploads\/dotted.jpg\" style=\"width:706px; height:20px\" \/><\/a><\/font><\/b><\/font><\/b><\/font><\/font><\/p>\n<\/td>\n<\/tr>\n<tr>\n<td align=\"left\" valign=\"top\">\n<table style=\"height:262px; width:706px; border:undefined\">\n<tbody>\n<tr>\n<td align=\"center\" style=\"width:250px\" valign=\"top\">\n<p><img decoding=\"async\" alt=\"CN_LeadersandLegends.jpg\" src=\"https:\/\/teachonline.ca\/wp-content\/uploads\/llol.jpg\" style=\"width: 150px; height: 150px; margin-top: 0px; margin-bottom: 0px;\" title=\"CN_LeadersandLegends.jpg\" \/><\/p>\n<\/td>\n<td width=\"15\"><font face=\"arial,helvetica,sans-serif\"><img decoding=\"async\" src=\"https:\/\/teachonline.ca\/wp-content\/uploads\/20_20.gif\" style=\"width:15px; height:15px\" \/><\/font><\/td>\n<td align=\"left\" style=\"width:439px\" valign=\"top\">\n<p align=\"center\"><b><font size=\"3\"><font face=\"arial,helvetica,sans-serif\"><font color=\"#333333\">Leaders &#038; Legends of Online Learning<\/font><\/font><\/font><\/b><br \/>\n\t\t\t\t\t\t\t\t\t\t\t\t\t\t\t\t\t\t<font size=\"3\"><font face=\"arial,helvetica,sans-serif\"><font color=\"#333333\">(Chefs de file et l\u00e9gendes de l\u2019apprentissage en ligne)<\/font><\/font><\/font><\/p>\n<p align=\"center\"><b><font size=\"3\"><font face=\"arial,helvetica,sans-serif\"><font color=\"#333333\">Le balado de Mark Nichols, Ph. D.<\/font><\/font><\/font><\/b><\/p>\n<p><font size=\"2\"><font face=\"arial,helvetica,sans-serif\"><font color=\"#333333\">Leaders &#038; Legends of Online Learning (Chefs de file et l\u00e9gendes de l\u2019apprentissage en ligne) est un balado o\u00f9 les expertes et experts de l\u2019apprentissage en ligne nous informent et inspirent par leurs r\u00e9cits. Chaque entrevue d\u2019environ 30 minutes est accompagn\u00e9e de liens vers un profil de la personne \u00e0 l\u2019affiche.<\/font><\/font><\/font><\/p>\n<p><font size=\"2\"><font face=\"arial,helvetica,sans-serif\"><font color=\"#333333\">Dans cet \u00e9pisode,\u00a0<a href=\"https:\/\/incoming.sbemail1.com\/linktracker2\/?{0~%23%23URLEmail%23%23}{9fa273fe-fb3b-4e4d-a80b-70527d0c0b93}{}{https%3a%2f%2fonlinelearninglegends.com%2fpodcast%2f060-professor-moeketsi-letseka%2f}{}{}\" style=\"color:#00974d; text-decoration:underline !important\" target=\"_blank\"><b>Mark Nichols s\u2019entretient avec le professeur Moeketsi Letseka, titulaire de la chaire UNESCO d\u2019enseignement ouvert et \u00e0 distance \u00e0 Unisa, en Afrique du Sud<\/b><\/a>.<\/font><\/font><\/font><\/p>\n<p>\u00a0<\/p>\n<\/td>\n<\/tr>\n<\/tbody>\n<\/table>\n<\/td>\n<\/tr>\n<tr>\n<td align=\"left\" valign=\"top\">\n<p align=\"center\"><font size=\"3\"><font face=\"arial,helvetica,sans-serif\"><b><font color=\"#333333\"><b><font color=\"#333333\"><a href=\"https:\/\/incoming.sbemail1.com\/linktracker2\/?{0~%23%23URLEmail%23%23}{9fa273fe-fb3b-4e4d-a80b-70527d0c0b93}{}{https%3a%2f%2fteachonline.ca%2ftraining-opportunities%2fupcoming-conferences}{}{}\" style=\"color:#00974d; text-decoration:underline !important\" target=\"_blank\"><img decoding=\"async\" src=\"https:\/\/teachonline.ca\/wp-content\/uploads\/dotted.jpg\" style=\"width:706px; height:20px\" \/><\/a><\/font><\/b><\/font><\/b><\/font><\/font><\/p>\n<\/td>\n<\/tr>\n<tr>\n<td align=\"left\" valign=\"top\">\n<table style=\"width:705px; height:176px; border:undefined\">\n<tbody>\n<tr>\n<td align=\"center\" style=\"width:250px\" valign=\"top\">\n<p><img decoding=\"async\" align=\"top\" alt=\"oln-november3-2021-6.jpg\" src=\"https:\/\/teachonline.ca\/wp-content\/uploads\/teaching_with_zoom_new_tools.jpg\" style=\"width: 150px; height: 162px;\" title=\"oln-november3-2021-6.jpg\" \/><\/p>\n<\/td>\n<td width=\"15\">\u00a0<\/td>\n<td align=\"left\" style=\"width:439px\" valign=\"top\">\n<p align=\"center\"><b><font size=\"3\"><font face=\"arial,helvetica,sans-serif\"><font color=\"#333333\">Beyond the Basics: Teaching with Zoom\u2019s<\/font><\/font><\/font><\/b><br \/>\n\t\t\t\t\t\t\t\t\t\t\t\t\t\t\t\t\t\t<b><font size=\"3\"><font face=\"arial,helvetica,sans-serif\"><font color=\"#333333\">New Tools<\/font><\/font><\/font><\/b><br \/>\n\t\t\t\t\t\t\t\t\t\t\t\t\t\t\t\t\t\t<font size=\"3\"><font face=\"arial,helvetica,sans-serif\"><font color=\"#333333\">(Au-del\u00e0 de l\u2019essentiel : Enseigner avec<br \/>\n\t\t\t\t\t\t\t\t\t\t\t\t\t\t\t\t\t\tles nouveaux outils de Zoom)<\/font><\/font><\/font><\/p>\n<p><font size=\"2\"><font face=\"arial,helvetica,sans-serif\"><font color=\"#333333\">Les membres de corps enseignant sont nombreux \u00e0 avoir ma\u00eetris\u00e9 les fonctionnalit\u00e9s de base de Zoom. Il est maintenant temps d\u2019augmenter le facteur de participation dans vos cours en direct par la d\u00e9couverte des outils les plus r\u00e9cents et les plus attrayants de Zoom.<\/font><\/font><\/font><\/p>\n<p><font size=\"2\"><font face=\"arial,helvetica,sans-serif\"><font color=\"#333333\">Si vous \u00eates coinc\u00e9 dans une orni\u00e8re Zoom et que vous en avez assez de limiter vos cours \u00e0 la vid\u00e9o de base, au partage d\u2019\u00e9cran et aux sondages, la formation gratuite en direct \u00ab\u2009Au-del\u00e0 de l\u2019essentiel\u2009\u00bb est faite pour vous. Au cours de cette s\u00e9ance de formation dirig\u00e9e par la facilitatrice de la formation en apprentissage \u00e9lectronique de Contact North | Contact Nord, vous apprendrez comment am\u00e9liorer la participation et l\u2019accessibilit\u00e9 pour tous les types d\u2019apprenantes et d\u2019apprenants :<\/font><\/font><\/font><\/p>\n<ul>\n<li><font size=\"2\"><font face=\"arial,helvetica,sans-serif\"><font color=\"#333333\">activer les transcriptions en direct pour une meilleure accessibilit\u00e9;<\/font><\/font><\/font><\/li>\n<li><font size=\"2\"><font face=\"arial,helvetica,sans-serif\"><font color=\"#333333\">utiliser PowerPoint comme arri\u00e8re-plan virtuel, comme moyen plus immersif de pr\u00e9senter;<\/font><\/font><\/font><\/li>\n<li><font size=\"2\"><font face=\"arial,helvetica,sans-serif\"><font color=\"#333333\">utiliser le mode \u00ab\u2009focus\u2009\u00bb pour aider les apprenantes et apprenants \u00e0 \u00e9viter les distractions en ne voyant que la webcam\u00e9ra de l\u2019animatrice ou l\u2019animateur;<\/font><\/font><\/font><\/li>\n<li><font size=\"2\"><font face=\"arial,helvetica,sans-serif\"><font color=\"#333333\">utilisez la vue immersive pour des discussions cr\u00e9atives;<\/font><\/font><\/font><\/li>\n<li><font size=\"2\"><font face=\"arial,helvetica,sans-serif\"><font color=\"#333333\">mettre en place et utiliser des enqu\u00eates de sortie pour recevoir diverses r\u00e9troactions.<\/font><\/font><\/font><\/li>\n<\/ul>\n<p align=\"center\"><a href=\"https:\/\/incoming.sbemail1.com\/linktracker2\/?{0~%23%23URLEmail%23%23}{9fa273fe-fb3b-4e4d-a80b-70527d0c0b93}{}{https%3a%2f%2fteachonline.ca%2ftraining-opportunities%2fbeyond-the-basics-teaching-with-zooms-new-tools}{}{}\" style=\"color:#00974d; text-decoration:underline !important\" target=\"_blank\"><b><font size=\"3\"><font face=\"arial,helvetica,sans-serif\">Inscrivez-vous d\u00e8s maintenant \u00e0 une s\u00e9ance de formation GRATUITE d\u2019une heure en direct!<\/font><\/font><\/b><\/a><\/p>\n<\/td>\n<\/tr>\n<\/tbody>\n<\/table>\n<\/td>\n<\/tr>\n<tr>\n<td align=\"left\" valign=\"top\">\n<p align=\"center\"><a href=\"https:\/\/incoming.sbemail1.com\/linktracker2\/?{0~%23%23URLEmail%23%23}{9fa273fe-fb3b-4e4d-a80b-70527d0c0b93}{}{https%3a%2f%2fteachonline.ca%2ftraining-opportunities%2fupcoming-conferences}{}{}\" style=\"color:#00974d; text-decoration:underline !important\" target=\"_blank\"><img decoding=\"async\" src=\"https:\/\/teachonline.ca\/wp-content\/uploads\/dotted.jpg\" style=\"width:706px; height:20px\" \/><\/a><\/p>\n<\/td>\n<\/tr>\n<tr>\n<td align=\"left\" valign=\"top\">\n<table style=\"width:705px; height:176px; border:undefined\">\n<tbody>\n<tr>\n<td align=\"center\" style=\"width:250px\" valign=\"top\">\n<p><img decoding=\"async\" align=\"top\" alt=\"cn-fr-sept82021-6.jpg\" src=\"https:\/\/teachonline.ca\/wp-content\/uploads\/must_read_books_new.jpg\" style=\"width: 150px; height: 162px;\" title=\"cn-fr-sept82021-6.jpg\" \/><\/p>\n<\/td>\n<td width=\"15\"><img decoding=\"async\" src=\"https:\/\/teachonline.ca\/wp-content\/uploads\/20_20.gif\" style=\"width:15px; height:15px\" \/><\/td>\n<td align=\"left\" style=\"width:439px\" valign=\"top\">\n<p align=\"center\"><b><font size=\"3\"><font face=\"arial,helvetica,sans-serif\"><font color=\"#333333\">Livre incontournable de la semaine sur<br \/>\n\t\t\t\t\t\t\t\t\t\t\t\t\t\t\t\t\t\tl\u2019apprentissage en ligne<\/font><\/font><\/font><\/b><\/p>\n<p align=\"center\"><a href=\"https:\/\/incoming.sbemail1.com\/linktracker2\/?{0~%23%23URLEmail%23%23}{9fa273fe-fb3b-4e4d-a80b-70527d0c0b93}{}{https%3a%2f%2fteachonline.ca%2ftools-trends%2fmust-read-books-on-online-learning%2fmicrolearning-digital-age-design-and-delivery-learning-snippets}{}{}\" style=\"color:#00974d; text-decoration:underline !important\" target=\"_blank\"><b><font size=\"3\"><font face=\"arial,helvetica,sans-serif\">Microlearning in the Digital Age<\/font><\/font><\/b><\/a><br \/>\n\t\t\t\t\t\t\t\t\t\t\t\t\t\t\t\t\t\t<a href=\"https:\/\/incoming.sbemail1.com\/linktracker2\/?{0~%23%23URLEmail%23%23}{9fa273fe-fb3b-4e4d-a80b-70527d0c0b93}{}{https%3a%2f%2fteachonline.ca%2ftools-trends%2fmust-read-books-on-online-learning%2fmicrolearning-digital-age-design-and-delivery-learning-snippets}{}{}\" style=\"color:#00974d; text-decoration:underline !important\" target=\"_blank\"><b><font size=\"3\"><font face=\"arial,helvetica,sans-serif\">The Design and Delivery of Learning in Snippets<\/font><\/font><\/b><\/a><br \/>\n\t\t\t\t\t\t\t\t\t\t\t\t\t\t\t\t\t\t<font size=\"3\"><font face=\"arial,helvetica,sans-serif\"><font color=\"#333333\">(Le microapprentissage \u00e0 l\u2019\u00e8re num\u00e9rique<\/font><\/font><\/font><br \/>\n\t\t\t\t\t\t\t\t\t\t\t\t\t\t\t\t\t\t<font size=\"3\"><font face=\"arial,helvetica,sans-serif\"><font color=\"#333333\">La conception et la diffusion de l\u2019apprentissage par bribes)<\/font><\/font><\/font><\/p>\n<p align=\"center\"><img decoding=\"async\" alt=\"oln-november3-2021-7a.jpg\" src=\"https:\/\/teachonline.ca\/wp-content\/uploads\/book_microlearning.jpg\" style=\"width: 100px; height: 150px;\" title=\"oln-november3-2021-7a.jpg\" \/><\/p>\n<p align=\"center\">\u00a0<\/p>\n<p align=\"center\"><font size=\"2\"><font face=\"arial,helvetica,sans-serif\"><font color=\"#333333\"><b>Publi\u00e9 sous la direction de Joseph Rene Corbeil,<\/b><\/font><\/font><\/font><br \/>\n\t\t\t\t\t\t\t\t\t\t\t\t\t\t\t\t\t\t<font size=\"2\"><font face=\"arial,helvetica,sans-serif\"><font color=\"#333333\"><b>Badrul H. Khan, et Maria Elena Corbeil (2021)<\/b><\/font><\/font><\/font><\/p>\n<p align=\"center\">\u00a0<\/p>\n<p><font size=\"2\"><font face=\"arial,helvetica,sans-serif\"><font color=\"#333333\">L\u2019apprentissage rapide, c\u2019est-\u00e0-dire l\u2019apprentissage qui prend quelques minutes plut\u00f4t que des heures, des semaines ou des mois, est en plein essor. Un grand nombre de nouveaux acteurs arrivent sur le march\u00e9 avec des produits et des services ax\u00e9s sur le microapprentissage, notamment en ce qui concerne la formation en entreprise et les comp\u00e9tences essentielles. Cette r\u00e9flexion commence \u00e9galement \u00e0 avoir un impact sur les services de tutorat tels que tutorme.com et Squirrel. Cette collection a pour but d\u2019examiner ce que nous savons des meilleures pratiques, des pi\u00e8ges \u00e0 \u00e9viter et de la fa\u00e7on dont une vari\u00e9t\u00e9 de technologies rendent le microapprentissage possible. Ce livre contient beaucoup d\u2019informations et deviendra un manuel pour celles et ceux qui cherchent \u00e0 concevoir, d\u00e9velopper et d\u00e9ployer le microapprentissage.<\/font><\/font><\/font><\/p>\n<p align=\"center\">\u00a0<\/p>\n<p align=\"center\"><a href=\"https:\/\/incoming.sbemail1.com\/linktracker2\/?{0~%23%23URLEmail%23%23}{9fa273fe-fb3b-4e4d-a80b-70527d0c0b93}{}{https%3a%2f%2fteachonline.ca%2ftools-trends%2fmust-read-books-on-online-learning}{}{}\" style=\"color:#00974d; text-decoration:underline !important\" target=\"_blank\"><b><font size=\"3\"><font face=\"arial,helvetica,sans-serif\">Consultez l\u2019inventaire de livres<br \/>\n\t\t\t\t\t\t\t\t\t\t\t\t\t\t\t\t\t\tincontournables sur l\u2019apprentissage en ligne<\/font><\/font><\/b><\/a><\/p>\n<\/td>\n<\/tr>\n<\/tbody>\n<\/table>\n<\/td>\n<\/tr>\n<tr>\n<td align=\"left\" valign=\"top\">\n<p align=\"center\"><a href=\"https:\/\/incoming.sbemail1.com\/linktracker2\/?{0~%23%23URLEmail%23%23}{9fa273fe-fb3b-4e4d-a80b-70527d0c0b93}{}{https%3a%2f%2fteachonline.ca%2ftraining-opportunities%2fupcoming-conferences}{}{}\" style=\"color:#00974d; text-decoration:underline !important\" target=\"_blank\"><img decoding=\"async\" src=\"https:\/\/teachonline.ca\/wp-content\/uploads\/dotted.jpg\" style=\"width:706px; height:20px\" \/><\/a><\/p>\n<\/td>\n<\/tr>\n<tr>\n<td align=\"left\" valign=\"top\">\n<table style=\"width:705px; height:176px; border:undefined\">\n<tbody>\n<tr>\n<td align=\"center\" style=\"width:250px\" valign=\"top\">\n<p><img decoding=\"async\" align=\"top\" alt=\"oln-november3-2021-8.jpg\" src=\"https:\/\/teachonline.ca\/wp-content\/uploads\/search_directory_teaching_centres.jpg\" style=\"width: 150px; height: 162px;\" title=\"oln-november3-2021-8.jpg\" \/><\/p>\n<\/td>\n<td width=\"15\"><img decoding=\"async\" src=\"https:\/\/teachonline.ca\/wp-content\/uploads\/20_20.gif\" style=\"width:15px; height:15px\" \/><\/td>\n<td align=\"left\" style=\"width:439px\" valign=\"top\">\n<p align=\"center\"><b><font size=\"3\"><font face=\"arial,helvetica,sans-serif\"><font color=\"#333333\">Effectuez une recherche dans le R\u00e9pertoire des centres d&rsquo;enseignement et d&rsquo;apprentissage en Ontario et partout<\/font><\/font><\/font><\/b><br \/>\n\t\t\t\t\t\t\t\t\t\t\t\t\t\t\t\t\t\t<b><font size=\"3\"><font face=\"arial,helvetica,sans-serif\"><font color=\"#333333\">au Canada<\/font><\/font><\/font><\/b><\/p>\n<p><font size=\"2\"><font face=\"arial,helvetica,sans-serif\"><font color=\"#333333\">Acc\u00e9dez aux ressources des centres d\u2019enseignement et d\u2019apprentissage dans plus de 80 coll\u00e8ges et universit\u00e9s de l\u2019Ontario et de partout au Canada qui permettent d\u2019appuyer le corps professoral, les instructrices et les instructeurs au moyen de ressources, d\u2019outils, de coaching et de formation qui servent \u00e0 am\u00e9liorer les strat\u00e9gies d\u2019enseignement et d\u2019apprentissage, les pratiques d\u2019\u00e9valuation et les interactions avec les \u00e9tudiantes et les \u00e9tudiants.<\/font><\/font><\/font><\/p>\n<p align=\"center\"><b><font size=\"3\"><font face=\"arial,helvetica,sans-serif\"><font color=\"#333333\"><a href=\"https:\/\/incoming.sbemail1.com\/linktracker2\/?{0~%23%23URLEmail%23%23}{9fa273fe-fb3b-4e4d-a80b-70527d0c0b93}{}{https%3a%2f%2fteachonline.ca%2ftools-trends%2fcentres}{}{}\" style=\"color:#00974d; text-decoration:underline !important\" target=\"_blank\">Effectuez une recherche parmi less centres d\u2019enseignement et d\u2019apprentissage en ligne<\/a><\/font><\/font><\/font><\/b><\/p>\n<\/td>\n<\/tr>\n<\/tbody>\n<\/table>\n<\/td>\n<\/tr>\n<tr>\n<td align=\"left\" valign=\"top\">\n<p align=\"center\"><a href=\"https:\/\/incoming.sbemail1.com\/linktracker2\/?{0~%23%23URLEmail%23%23}{9fa273fe-fb3b-4e4d-a80b-70527d0c0b93}{}{https%3a%2f%2fteachonline.ca%2ftraining-opportunities%2fupcoming-conferences}{}{}\" style=\"color:#00974d; text-decoration:underline !important\" target=\"_blank\"><img decoding=\"async\" src=\"https:\/\/teachonline.ca\/wp-content\/uploads\/dotted.jpg\" style=\"width:706px; height:20px\" \/><\/a><\/p>\n<\/td>\n<\/tr>\n<tr>\n<td align=\"left\" valign=\"top\">\n<table style=\"width:705px; height:176px; border:undefined\">\n<tbody>\n<tr>\n<td align=\"center\" style=\"width:250px\" valign=\"top\">\n<p><img decoding=\"async\" align=\"top\" alt=\"cn-sept22-2021-8.jpg\" src=\"https:\/\/teachonline.ca\/wp-content\/uploads\/upcoming_events_new.jpg\" style=\"width: 150px; height: 162px; margin-top: 0px; margin-bottom: 0px;\" title=\"cn-sept22-2021-8.jpg\" \/><\/p>\n<\/td>\n<td width=\"15\"><img decoding=\"async\" src=\"https:\/\/teachonline.ca\/wp-content\/uploads\/20_20.gif\" style=\"width:15px; height:15px\" \/><\/td>\n<td align=\"left\" style=\"width:439px\" valign=\"top\">\n<p align=\"center\"><b><font size=\"3\"><font face=\"arial,helvetica,sans-serif\"><font color=\"#333333\">\u00c9v\u00e9nements \u00e0 venir dans le domaine de l\u2019apprentissage en ligne<\/font><\/font><\/font><\/b><\/p>\n<p align=\"center\"><b><font size=\"3\"><font face=\"arial,helvetica,sans-serif\"><font color=\"#333333\">2021 European Online and Distance Learning Week\u00a0<\/font><\/font><\/font><\/b><font size=\"3\"><font face=\"arial,helvetica,sans-serif\"><font color=\"#333333\">(Semaine europ\u00e9enne de l\u2019apprentissage en ligne et \u00e0 distance)<\/font><\/font><\/font><\/p>\n<p align=\"center\"><b><font size=\"2\"><font face=\"arial,helvetica,sans-serif\"><font color=\"#333333\">Du mercredi 3 novembre 2021 au mercredi 10 novembre 2021<\/font><\/font><\/font><\/b><\/p>\n<p align=\"center\"><b><font size=\"2\"><font face=\"arial,helvetica,sans-serif\"><font color=\"#333333\">\u00c9v\u00e9nement virtuel<\/font><\/font><\/font><\/b><\/p>\n<p><font size=\"2\"><font face=\"arial,helvetica,sans-serif\"><font color=\"#333333\">Organis\u00e9 par EDEN &#8211; European Distance and E-Learning Network et EDEN Digital Learning Europe.<\/font><\/font><\/font><\/p>\n<p><font size=\"2\"><font face=\"arial,helvetica,sans-serif\"><font color=\"#333333\">La Semaine europ\u00e9enne de l\u2019apprentissage en ligne et \u00e0 distance est l\u2019occasion de r\u00e9fl\u00e9chir aux le\u00e7ons tir\u00e9es de la pand\u00e9mie de la COVID-19 et de discuter de ce \u00e0 quoi l\u2019\u00e9ducation devrait ressembler \u00e0 l\u2019\u00e8re postpand\u00e9mique. Gr\u00e2ce \u00e0 des webinaires quotidiens en ligne et \u00e0 des r\u00e9unions de sp\u00e9cialistes, cet \u00e9v\u00e9nement fournit des informations sur les meilleures pratiques, les d\u00e9fis et les possibilit\u00e9s de fa\u00e7onner l\u2019avenir de l\u2019apprentissage en ligne et \u00e0 distance.<\/font><\/font><\/font><\/p>\n<p align=\"center\"><a href=\"https:\/\/incoming.sbemail1.com\/linktracker2\/?{0~%23%23URLEmail%23%23}{9fa273fe-fb3b-4e4d-a80b-70527d0c0b93}{}{https%3a%2f%2fwww.eden-online.org%2feden_conference%2feodlw-2021%2f}{}{}\" style=\"color:#00974d; text-decoration:underline !important\" target=\"_blank\"><b><font size=\"3\"><font face=\"arial,helvetica,sans-serif\">Pour plus d\u2019informations et pour s\u2019inscrire<\/font><\/font><\/b><\/a><\/p>\n<\/td>\n<\/tr>\n<\/tbody>\n<\/table>\n<\/td>\n<\/tr>\n<tr>\n<td align=\"left\" valign=\"top\">\n<p align=\"center\"><font size=\"3\"><font face=\"arial,helvetica,sans-serif\"><b><font color=\"#333333\"><b><font color=\"#333333\"><a href=\"https:\/\/incoming.sbemail1.com\/linktracker2\/?{0~%23%23URLEmail%23%23}{9fa273fe-fb3b-4e4d-a80b-70527d0c0b93}{}{https%3a%2f%2fteachonline.ca%2ftraining-opportunities%2fupcoming-conferences}{}{}\" style=\"color:#00974d; text-decoration:underline !important\" target=\"_blank\"><img decoding=\"async\" src=\"https:\/\/teachonline.ca\/wp-content\/uploads\/dotted.jpg\" style=\"width:706px; height:20px\" \/><\/a><\/font><\/b><\/font><\/b><\/font><\/font><\/p>\n<\/td>\n<\/tr>\n<tr>\n<td align=\"left\" valign=\"top\">\n<table style=\"border:undefined\">\n<tbody>\n<tr>\n<td align=\"left\" valign=\"top\">\n<table style=\"width:705px; height:176px; border:undefined\">\n<tbody>\n<tr>\n<td align=\"center\" style=\"width:250px\" valign=\"top\">\n<p><img decoding=\"async\" alt=\"cn-sept22-2021-9.jpg\" src=\"https:\/\/teachonline.ca\/wp-content\/uploads\/about_cn.jpg\" style=\"width: 150px; height: 162px; margin-top: 0px; margin-bottom: 0px;\" title=\"cn-sept22-2021-9.jpg\" \/><\/p>\n<\/td>\n<td width=\"15\"><img decoding=\"async\" src=\"https:\/\/teachonline.ca\/wp-content\/uploads\/20_20.gif\" style=\"width:15px; height:15px\" \/><\/td>\n<td align=\"left\" style=\"width:439px\" valign=\"top\">\n<p align=\"center\"><font size=\"3\"><b><font face=\"arial,helvetica,sans-serif\"><font color=\"#333333\">Au sujet de Contact North | Contact Nord<\/font><\/font><\/b><\/font><\/p>\n<p><font size=\"2\"><font face=\"arial,helvetica,sans-serif\"><font color=\"#333333\">En tant que r\u00e9seau communautaire bilingue d\u2019\u00e9ducation et de formation \u00e0 distance de l\u2019Ontario, Contact North | Contact Nord aide les r\u00e9sidentes et r\u00e9sidents mal desservis de plus de 1 300 petites communaut\u00e9s, \u00e9loign\u00e9es, rurales, autochtones et francophones de la province en leur donnant acc\u00e8s \u00e0 de l\u2019\u00e9ducation et \u00e0 de la formation sans avoir \u00e0 quitter leur communaut\u00e9.<\/font><\/font><\/font><\/p>\n<p align=\"center\"><font size=\"3\"><b><font face=\"arial,helvetica,sans-serif\"><font color=\"#333333\"><a href=\"https:\/\/incoming.sbemail1.com\/linktracker2\/?{0~%23%23URLEmail%23%23}{9fa273fe-fb3b-4e4d-a80b-70527d0c0b93}{}{https%3a%2f%2fcontactnord.ca%2fnotre-sujet}{}{}\" style=\"color:#00974d; text-decoration:underline !important\" target=\"_blank\">Visitez contactnord.ca pour plus d\u2019informations<\/a><\/font><\/font><\/b><\/font><\/p>\n<\/td>\n<\/tr>\n<\/tbody>\n<\/table>\n<\/td>\n<\/tr>\n<tr>\n<td align=\"left\" valign=\"top\">\n<p align=\"center\"><font size=\"3\"><font face=\"arial,helvetica,sans-serif\"><b><font color=\"#333333\"><b><font color=\"#333333\"><a href=\"https:\/\/incoming.sbemail1.com\/linktracker2\/?{0~%23%23URLEmail%23%23}{9fa273fe-fb3b-4e4d-a80b-70527d0c0b93}{}{https%3a%2f%2fteachonline.ca%2ftraining-opportunities%2fupcoming-conferences}{}{}\" style=\"color:#00974d; text-decoration:underline !important\" target=\"_blank\"><img decoding=\"async\" src=\"https:\/\/teachonline.ca\/wp-content\/uploads\/dotted.jpg\" style=\"width:706px; height:20px\" \/><\/a><\/font><\/b><\/font><\/b><\/font><\/font><\/p>\n<\/td>\n<\/tr>\n<\/tbody>\n<\/table>\n<\/td>\n<\/tr>\n<tr>\n<td align=\"left\" valign=\"top\">\n<table style=\"width:705px; height:176px; border:undefined\">\n<tbody>\n<tr>\n<td align=\"center\" style=\"width:250px\" valign=\"top\">\n<p><img decoding=\"async\" alt=\"cn-sept22-2021-10.jpg\" src=\"https:\/\/teachonline.ca\/wp-content\/uploads\/most_popular_resources_new.jpg\" style=\"width: 150px; height: 162px; margin-top: 0px; margin-bottom: 0px;\" title=\"cn-sept22-2021-10.jpg\" \/><\/p>\n<\/td>\n<td width=\"15\"><img decoding=\"async\" src=\"https:\/\/teachonline.ca\/wp-content\/uploads\/20_20.gif\" style=\"width:15px; height:15px\" \/><\/td>\n<td align=\"left\" style=\"width:439px\" valign=\"top\">\n<table class=\"_mce_tagged_br\" style=\"border:undefined\">\n<tbody>\n<tr>\n<td align=\"center\" valign=\"top\"><b><font size=\"3\"><font face=\"arial,helvetica,sans-serif\"><font color=\"#333333\">Les ressources les plus populaires du portail teachonline.ca<\/font><\/font><\/font><\/b><\/td>\n<\/tr>\n<tr>\n<td align=\"left\" height=\"10\" valign=\"top\">\n<ol>\n<li><font size=\"2\"><font face=\"arial,helvetica,sans-serif\"><font color=\"#333333\"><b><a href=\"https:\/\/incoming.sbemail1.com\/linktracker2\/?{0~%23%23URLEmail%23%23}{9fa273fe-fb3b-4e4d-a80b-70527d0c0b93}{}{https%3a%2f%2fteachonline.ca%2ftools-trends%2fhow-teach-online-student-success%2fnew-pedagogy-emerging-and-online-learning-key-contributing-factor}{}{}\" style=\"color:#00974d; text-decoration:underline !important\" target=\"_blank\">A New Pedagogy Is Emerging&#8230; and Online Learning is a Key Contributing Factor<\/a><\/b>\u00a0(Une nouvelle p\u00e9dagogie \u00e9merge\u2026 et l\u2019apprentissage en ligne en est un facteur d\u2019influence)<\/font><\/font><\/font><\/li>\n<li><font size=\"2\"><font face=\"arial,helvetica,sans-serif\"><font color=\"#333333\"><b><a href=\"https:\/\/incoming.sbemail1.com\/linktracker2\/?{0~%23%23URLEmail%23%23}{9fa273fe-fb3b-4e4d-a80b-70527d0c0b93}{}{https%3a%2f%2fteachonline.ca%2ftools-trends%2fcovid-19-and-the-impact-on-online-learning}{}{}\" style=\"color:#00974d; text-decoration:underline !important\" target=\"_blank\">COVID-19 and the Impact on Online Learning<\/a><\/b>\u00a0(La COVID-19 et l\u2019impact sur l\u2019apprentissage en ligne)<\/font><\/font><\/font><\/li>\n<li><font size=\"2\"><font face=\"arial,helvetica,sans-serif\"><font color=\"#333333\"><b><a href=\"https:\/\/incoming.sbemail1.com\/linktracker2\/?{0~%23%23URLEmail%23%23}{9fa273fe-fb3b-4e4d-a80b-70527d0c0b93}{}{https%3a%2f%2fteachonline.ca%2ftools-trends%2fhow-use-technology-effectively%2ften-guiding-principles-use-technology-learning}{}{}\" style=\"color:#00974d; text-decoration:underline !important\" target=\"_blank\">Ten Guiding Principles for the Use of Technology in Learning<\/a>\u00a0<\/b>(Dix principes directeurs pour l\u2019utilisation de la technologie dans l\u2019apprentissage)<\/font><\/font><\/font><\/li>\n<li><font size=\"2\"><font face=\"arial,helvetica,sans-serif\"><font color=\"#333333\"><b><a href=\"https:\/\/incoming.sbemail1.com\/linktracker2\/?{0~%23%23URLEmail%23%23}{9fa273fe-fb3b-4e4d-a80b-70527d0c0b93}{}{https%3a%2f%2fteachonline.ca%2ftools-trends%2ften-facts-you-need-know-about-micro-credentials}{}{}\" style=\"color:#00974d; text-decoration:underline !important\" target=\"_blank\">Ten Facts You Need to Know About Micro-Credentials<\/a><\/b>\u00a0(Dix faits \u00e0 conna\u00eetre sur les microcertifications)<\/font><\/font><\/font><\/li>\n<li><font size=\"2\"><font face=\"arial,helvetica,sans-serif\"><font color=\"#333333\"><b><a href=\"https:\/\/incoming.sbemail1.com\/linktracker2\/?{0~%23%23URLEmail%23%23}{9fa273fe-fb3b-4e4d-a80b-70527d0c0b93}{}{https%3a%2f%2fteachonline.ca%2ftools-trends%2f2017-top-ten-books-on-online-Learning}{}{}\" style=\"color:#00974d; text-decoration:underline !important\" target=\"_blank\">2017 Top Ten Books on Online Learning<\/a><\/b>\u00a0(Les 10\u00a0meilleurs livres en 2017 sur l\u2019apprentissage en ligne)<\/font><\/font><\/font><\/li>\n<\/ol>\n<p>\u00a0<\/p>\n<\/td>\n<\/tr>\n<\/tbody>\n<\/table>\n<\/td>\n<\/tr>\n<\/tbody>\n<\/table>\n<\/td>\n<\/tr>\n<\/tbody>\n<\/table>\n<\/td>\n<\/tr>\n<\/tbody>\n<\/table>\n<\/td>\n<td height=\"0\" valign=\"top\" width=\"30\"><img decoding=\"async\" src=\"https:\/\/teachonline.ca\/wp-content\/uploads\/20_20.gif\" style=\"width:30px; height:30px\" \/><\/td>\n<\/tr>\n<\/tbody>\n<\/table>\n<\/td>\n<\/tr>\n<tr>\n<td align=\"center\" height=\"20\" valign=\"top\">\n<table style=\"height:226px; width:714px; border:undefined\">\n<tbody>\n<tr>\n<td bgcolor=\"#000000\">\n<table align=\"center\" style=\"width:739px; height:214px; border:undefined\">\n<tbody>\n<tr>\n<td style=\"background-color: rgb(0, 0, 0); border-color: rgb(0, 0, 0);\"><font size=\"2\"><font face=\"Arial, Helvetica, sans-serif\"><font color=\"#FFFFFF\">Visitez\u00a0<a href=\"https:\/\/incoming.sbemail1.com\/linktracker2\/?{0~%23%23URLEmail%23%23}{9fa273fe-fb3b-4e4d-a80b-70527d0c0b93}{}{https%3a%2f%2fteachonline.ca%2f}{}{}\" style=\"color:#00974d; text-decoration:underline !important\" target=\"_blank\">teachonline.ca<\/a>\u00a0d\u00e8s aujourd&rsquo;hui afin de constater vous-m\u00eame pourquoi il attire chaque mois plus de 200 000 visites du personnel enseignant et de formation, des administrateurs, des fournisseurs de technologie et des d\u00e9cideurs de partout en Ontario et dans le monde pour se servir des ressources disponibles sur le portail.<\/p>\n<p>\t\t\t\t\t\t\t\t\t\t\t\tVos coll\u00e8gues aimeraient-ils recevoir le Bulletin de l&rsquo;apprentissage en ligne?\u00a0<a href=\"https:\/\/incoming.sbemail1.com\/linktracker2\/?{0~%23%23URLEmail%23%23}{9fa273fe-fb3b-4e4d-a80b-70527d0c0b93}{}{https%3a%2f%2fteachonline.ca%2ffr%2fnotre-sujet%2fsalle-de-presse%2fabonnez-vous-au-bulletin-de-lapprentissage-en-ligne}{}{}\" style=\"color:#00974d; text-decoration:underline !important\" target=\"_blank\">Joignez-vous \u00e0 notre liste de diffusion<\/a>.<\/p>\n<p>\t\t\t\t\t\t\t\t\t\t\t\tContact North | Contact Nord<br \/>\n\t\t\t\t\t\t\t\t\t\t\t\t1139, promenade Alloy, bureau 104<br \/>\n\t\t\t\t\t\t\t\t\t\t\t\tThunder Bay (Ontario) P7B 6M8<br \/>\n\t\t\t\t\t\t\t\t\t\t\t\t807 344-1616<br \/>\n\t\t\t\t\t\t\t\t\t\t\t\t<a href=\"mailto:oln2@contactnorth.ca\" style=\"color:#00974d; text-decoration:underline !important\" target=\"_blank\">oln@contactnorth.ca<\/a><\/font><\/font><\/font><\/td>\n<\/tr>\n<tr>\n<td align=\"center\" style=\"background-color: rgb(0, 0, 0); border-color: rgb(0, 0, 0);\"><i><font size=\"2\"><font face=\"Arial, Helvetica, sans-serif\"><font color=\"#FFFFFF\"><a href=\"http:\/\/incoming.saveastamp.ca\/unsubstracker_medg_cnFR.aspx?{0}{}{9fa273fe-fb3b-4e4d-a80b-70527d0c0b93}\" style=\"color:#00974d; text-decoration:underline !important\" target=\"_blank\">D\u00e9sabonnement<\/a><\/font><\/font><\/font><\/i><\/td>\n<\/tr>\n<\/tbody>\n<\/table>\n<\/td>\n<\/tr>\n<\/tbody>\n<\/table>\n<\/td>\n<\/tr>\n<\/tbody>\n<\/table>\n<\/td>\n<\/tr>\n<\/tbody>\n<\/table>\n<p>&nbsp;<\/p>\n","protected":false},"excerpt":{"rendered":"<p>Un webinaire gratuit de Contact North | Contact Nord How to Prepare for the Next Phase of Hybrid Teaching (Pr\u00e9paration \u00e0 la nouvelle \u00e9tape de l\u2019enseignement hybride) Jeudi 4 novembre 2021 13 h &#8211; 14 h (heure de l\u2019Est) Inscrivez-vous d\u00e8s maintenant! \u00c0 quoi ressemble l\u2019apprentissage hybride? Comment pouvons-nous le faire correctement? Alors que la [&hellip;]<\/p>\n","protected":false},"featured_media":24826,"parent":0,"menu_order":0,"template":"","class_list":["post-25953","newsletters","type-newsletters","status-publish","has-post-thumbnail","hentry"],"acf":[],"aioseo_notices":[],"_links":{"self":[{"href":"https:\/\/teachonline.ca\/fr\/wp-json\/wp\/v2\/newsletters\/25953","targetHints":{"allow":["GET"]}}],"collection":[{"href":"https:\/\/teachonline.ca\/fr\/wp-json\/wp\/v2\/newsletters"}],"about":[{"href":"https:\/\/teachonline.ca\/fr\/wp-json\/wp\/v2\/types\/newsletters"}],"wp:featuredmedia":[{"embeddable":true,"href":"https:\/\/teachonline.ca\/fr\/wp-json\/wp\/v2\/media\/24826"}],"wp:attachment":[{"href":"https:\/\/teachonline.ca\/fr\/wp-json\/wp\/v2\/media?parent=25953"}],"curies":[{"name":"wp","href":"https:\/\/api.w.org\/{rel}","templated":true}]}}